{"id":5310,"date":"2022-10-17T17:52:14","date_gmt":"2022-10-17T16:52:14","guid":{"rendered":"https:\/\/staging.larfinedeco.com\/?p=5310"},"modified":"2022-10-31T15:27:38","modified_gmt":"2022-10-31T14:27:38","slug":"eco-design-cose-e-perche-lo-abbracciamo","status":"publish","type":"post","link":"https:\/\/larfinedeco.com\/it\/eco-design-cose-e-perche-lo-abbracciamo\/","title":{"rendered":"Eco design: cos\u2019\u00e8 e perch\u00e9 lo abbracciamo"},"content":{"rendered":"\n<p>Sentiamo spesso parlare di <strong>eco design<\/strong>, ma cosa significa questo termine?<\/p>\n\n\n\n<p>Cosa intendiamo per <strong>design di interni ecosostenibile<\/strong>?<\/p>\n\n\n\n<p>Possiamo \u2018tradurre\u2019 la parola <strong>eco design<\/strong> come l\u2019unione fra l\u2019attenzione per l\u2019ambiente, ovvero l\u2019ecologia, e il design, che \u00e8 l\u2019ideazione e la progettazione di oggetti d\u2019uso con attenzione all\u2019estetica.<\/p>\n\n\n\n<p>Questa unione oggi rappresenta una nuova frontiera.<\/p>\n\n\n\n<p>L\u2019<strong>eco design<\/strong>, infatti, va oltre la tendenza del momento, perch\u00e9 sempre pi\u00f9 consumatori ricercano elementi che sappiamo fondere il gusto estetico con la consapevolezza ambientale.<\/p>\n\n\n\n<p>Il risultato? Un prodotto che, nel caso dell\u2019arredo, sa decorare la casa, essere funzionale e, allo stesso tempo, tenere conto dell\u2019impatto ambientale.<\/p>\n\n\n\n<h2 class=\"wp-block-heading\">Eco design per rispettare il pianeta&nbsp;<\/h2>\n\n\n\n<p><strong>Impiego di materiali naturali, riduzione degli sprechi, attenzione ai consumi energetici,<\/strong> ma anche a tutta la filiera di produzione (creazione &#8211; trasporto &#8211; distribuzione &#8211; smaltimento): l\u2019<strong>eco design <\/strong>opera in modo attento in ognuno di questi passaggi.<\/p>\n\n\n\n<p>Inoltre, l\u2019idea che sta alla sua base, guarda a una lunga durata degli oggetti, il che si traduce in progetti che impiegano materiali e lavorazioni di qualit\u00e0, scelti e fatti per durare nel tempo.<\/p>\n\n\n\n<h2 class=\"wp-block-heading\">Eco design ovvero eco-progettazione&nbsp;<\/h2>\n\n\n\n<p>Per essere <strong>ecosostenibile design<\/strong> ed estetica devono seguire un\u2019accurata eco-progettazione.<\/p>\n\n\n\n<p>In questa fase i progettisti definiscono naturalmente lo scopo e la funzionalit\u00e0 dell\u2019oggetto, ne plasmano le forme e scelgono i materiali con cui verr\u00e0 realizzato.<\/p>\n\n\n\n<p>Non solo, perch\u00e9 <strong>l\u2019eco-progettazione <\/strong>considera fattori cruciali per l\u2019eco design quali la resistenza, che permette di dare lunga vita agli oggetti e anche di riciclarli in futuro.<\/p>\n\n\n\n<p>La visione, quindi, <strong>guarda al presente dell\u2019oggetto,<\/strong> al suo impiego nella vita di tutti i giorni, ma anche al suo futuro una volta che verr\u00e0 dismesso, perch\u00e9 esso possa \u2018servire\u2019 nel migliore dei modi in ogni fase del suo ciclo vitale.<\/p>\n\n\n\n<h2 class=\"wp-block-heading\">Eco design e i materiali<\/h2>\n\n\n\n<p>Un prodotto di <strong>eco design<\/strong> viene progettato e realizzato con materiali scelti, sia nella loro essenza, quindi naturali e biodegradabili\/riciclabili, che nella loro qualit\u00e0.<\/p>\n\n\n\n<p>Nel <strong>design ecosostenibile materiali<\/strong> ampiamente utilizzati sono:<\/p>\n\n\n\n<h3 class=\"wp-block-heading\"><strong>Il legno<\/strong><\/h3>\n\n\n\n<p>Protagonista dell\u2019eco design, il legno \u00e8 una fonte materica naturale, riciclabile e biodegradabile, ma anche apprezzata dal punto di vista estetico e sensoriale.<\/p>\n\n\n\n<h3 class=\"wp-block-heading\"><strong>Alluminio<\/strong><\/h3>\n\n\n\n<p>L\u2019alluminio \u00e8 rientrato fra i materiali preferiti dall\u2019eco-design perch\u00e9 \u00e8 leggero, duttile, resistente alla corrosione, difficile da rovinare e quindi durevole nel tempo.<\/p>\n\n\n\n<p>Esteticamente brillante e versatile nella possibilit\u00e0 di realizzare oggetti e componenti, l\u2019alluminio pu\u00f2 inoltre essere riciclato praticamente all\u2019infinito.&nbsp;<\/p>\n\n\n\n<h3 class=\"wp-block-heading\"><strong>Bamb\u00f9<\/strong><\/h3>\n\n\n\n<p>Chiamato \u2018l\u2019acciaio vegetale\u2019 il bamb\u00f9 ricopre una posizione d\u2019onore nell\u2019eco design per una delle sue caratteristiche pi\u00f9 amate: la resistenza.<\/p>\n\n\n\n<p>Il bamb\u00f9, inoltre, \u00e8 leggero, versatile e la pianta cresce velocemente, limitando cos\u00ec l\u2019enorme problema della deforestazione.<\/p>\n\n\n\n<h2 class=\"wp-block-heading\">Eco Design e Larfinedeco<\/h2>\n\n\n\n<p>In tema di eco design, abbiamo da sempre cercato di fare la nostra parte, ispirando la progettazione dei nostri prodotti a un <strong>design ecosostenibile.<\/strong><\/p>\n\n\n\n<p>Per la&nbsp; realizzazione di <strong>oggetti di design ecosostenibile, <\/strong>abbiamo infatti scelto di privilegiare materiali di pregio, naturali o completamente riciclabili, i cui componenti possano essere separati a fine vita.&nbsp;<\/p>\n\n\n\n<p>Materiali che, al contempo, sappiano garantire un\u2019ottima durabilit\u00e0 come l\u2019acciaio, l\u2019alluminio, il vetro, la ceramica, l\u2019ardesia e il legno, che scegliamo con cura anche nelle fonti.<\/p>\n\n\n\n<p>Inoltre, all\u2019utilizzo della plastica e ai collanti, privilegiamo soluzioni con incastri meccanici e collegamenti magnetici e realizziamo i nostri imballaggi interamente in cartone, cos\u00ec che possano essere smaltiti senza ripercussioni sull\u2019ambiente.<\/p>\n","protected":false},"excerpt":{"rendered":"<p>Sentiamo spesso parlare di eco design, ma cosa significa questo termine? Cosa intendiamo per design di interni ecosostenibile? Possiamo \u2018tradurre\u2019 la parola eco design come l\u2019unione fra l\u2019attenzione per l\u2019ambiente, ovvero l\u2019ecologia, e il design, che \u00e8 l\u2019ideazione e la&#8230;<\/p>\n","protected":false},"author":7,"featured_media":5320,"comment_status":"closed","ping_status":"closed","sticky":false,"template":"","format":"standard","meta":{"ngg_post_thumbnail":0,"footnotes":""},"categories":[1],"tags":[],"class_list":["post-5310","post","type-post","status-publish","format-standard","has-post-thumbnail","hentry","category-casa-green"],"acf":[],"yoast_head":"<!-- This site is optimized with the Yoast SEO plugin v27.1.1 - https:\/\/yoast.com\/product\/yoast-seo-wordpress\/ -->\n<title>Eco design: cos\u2019\u00e8 e perch\u00e9 lo abbracciamo - Lar<\/title>\n<meta name=\"description\" content=\"Eco design ovvero l\u2019unione fra l\u2019attenzione per l\u2019ambiente e il design. Il nostro obiettivo \u00e8 realizzare oggetti di design e ecosostenibili.\" \/>\n<meta name=\"robots\" content=\"index, follow, max-snippet:-1, max-image-preview:large, max-video-preview:-1\" \/>\n<link rel=\"canonical\" href=\"https:\/\/larfinedeco.com\/it\/eco-design-cose-e-perche-lo-abbracciamo\/\" \/>\n<meta property=\"og:locale\" content=\"it_IT\" \/>\n<meta property=\"og:type\" content=\"article\" \/>\n<meta property=\"og:title\" content=\"Eco design: cos\u2019\u00e8 e perch\u00e9 lo abbracciamo - Lar\" \/>\n<meta property=\"og:description\" content=\"Eco design ovvero l\u2019unione fra l\u2019attenzione per l\u2019ambiente e il design. Il nostro obiettivo \u00e8 realizzare oggetti di design e ecosostenibili.\" \/>\n<meta property=\"og:url\" content=\"https:\/\/larfinedeco.com\/it\/eco-design-cose-e-perche-lo-abbracciamo\/\" \/>\n<meta property=\"og:site_name\" content=\"Lar\" \/>\n<meta property=\"article:published_time\" content=\"2022-10-17T16:52:14+00:00\" \/>\n<meta property=\"article:modified_time\" content=\"2022-10-31T14:27:38+00:00\" \/>\n<meta property=\"og:image\" content=\"https:\/\/larfinedeco.com\/wp-content\/uploads\/2022\/10\/Eco-Design.jpeg\" \/>\n\t<meta property=\"og:image:width\" content=\"900\" \/>\n\t<meta property=\"og:image:height\" content=\"600\" \/>\n\t<meta property=\"og:image:type\" content=\"image\/jpeg\" \/>\n<meta name=\"author\" content=\"admin_WP\" \/>\n<meta name=\"twitter:card\" content=\"summary_large_image\" \/>\n<meta name=\"twitter:label1\" content=\"Scritto da\" \/>\n\t<meta name=\"twitter:data1\" content=\"admin_WP\" \/>\n\t<meta name=\"twitter:label2\" content=\"Tempo di lettura stimato\" \/>\n\t<meta name=\"twitter:data2\" content=\"3 minuti\" \/>\n<script type=\"application\/ld+json\" class=\"yoast-schema-graph\">{\"@context\":\"https:\/\/schema.org\",\"@graph\":[{\"@type\":\"Article\",\"@id\":\"https:\/\/larfinedeco.com\/it\/eco-design-cose-e-perche-lo-abbracciamo\/#article\",\"isPartOf\":{\"@id\":\"https:\/\/larfinedeco.com\/it\/eco-design-cose-e-perche-lo-abbracciamo\/\"},\"author\":{\"name\":\"admin_WP\",\"@id\":\"https:\/\/larfinedeco.com\/it\/#\/schema\/person\/9b74b657cf09812faaa4f9d3ae08b0ba\"},\"headline\":\"Eco design: cos\u2019\u00e8 e perch\u00e9 lo abbracciamo\",\"datePublished\":\"2022-10-17T16:52:14+00:00\",\"dateModified\":\"2022-10-31T14:27:38+00:00\",\"mainEntityOfPage\":{\"@id\":\"https:\/\/larfinedeco.com\/it\/eco-design-cose-e-perche-lo-abbracciamo\/\"},\"wordCount\":580,\"image\":{\"@id\":\"https:\/\/larfinedeco.com\/it\/eco-design-cose-e-perche-lo-abbracciamo\/#primaryimage\"},\"thumbnailUrl\":\"https:\/\/larfinedeco.com\/wp-content\/uploads\/2022\/10\/Eco-Design.jpeg\",\"articleSection\":[\"Casa green\"],\"inLanguage\":\"it-IT\"},{\"@type\":\"WebPage\",\"@id\":\"https:\/\/larfinedeco.com\/it\/eco-design-cose-e-perche-lo-abbracciamo\/\",\"url\":\"https:\/\/larfinedeco.com\/it\/eco-design-cose-e-perche-lo-abbracciamo\/\",\"name\":\"Eco design: cos\u2019\u00e8 e perch\u00e9 lo abbracciamo - Lar\",\"isPartOf\":{\"@id\":\"https:\/\/larfinedeco.com\/it\/#website\"},\"primaryImageOfPage\":{\"@id\":\"https:\/\/larfinedeco.com\/it\/eco-design-cose-e-perche-lo-abbracciamo\/#primaryimage\"},\"image\":{\"@id\":\"https:\/\/larfinedeco.com\/it\/eco-design-cose-e-perche-lo-abbracciamo\/#primaryimage\"},\"thumbnailUrl\":\"https:\/\/larfinedeco.com\/wp-content\/uploads\/2022\/10\/Eco-Design.jpeg\",\"datePublished\":\"2022-10-17T16:52:14+00:00\",\"dateModified\":\"2022-10-31T14:27:38+00:00\",\"author\":{\"@id\":\"https:\/\/larfinedeco.com\/it\/#\/schema\/person\/9b74b657cf09812faaa4f9d3ae08b0ba\"},\"description\":\"Eco design ovvero l\u2019unione fra l\u2019attenzione per l\u2019ambiente e il design. Il nostro obiettivo \u00e8 realizzare oggetti di design e ecosostenibili.\",\"breadcrumb\":{\"@id\":\"https:\/\/larfinedeco.com\/it\/eco-design-cose-e-perche-lo-abbracciamo\/#breadcrumb\"},\"inLanguage\":\"it-IT\",\"potentialAction\":[{\"@type\":\"ReadAction\",\"target\":[\"https:\/\/larfinedeco.com\/it\/eco-design-cose-e-perche-lo-abbracciamo\/\"]}]},{\"@type\":\"ImageObject\",\"inLanguage\":\"it-IT\",\"@id\":\"https:\/\/larfinedeco.com\/it\/eco-design-cose-e-perche-lo-abbracciamo\/#primaryimage\",\"url\":\"https:\/\/larfinedeco.com\/wp-content\/uploads\/2022\/10\/Eco-Design.jpeg\",\"contentUrl\":\"https:\/\/larfinedeco.com\/wp-content\/uploads\/2022\/10\/Eco-Design.jpeg\",\"width\":900,\"height\":600},{\"@type\":\"BreadcrumbList\",\"@id\":\"https:\/\/larfinedeco.com\/it\/eco-design-cose-e-perche-lo-abbracciamo\/#breadcrumb\",\"itemListElement\":[{\"@type\":\"ListItem\",\"position\":1,\"name\":\"Home\",\"item\":\"https:\/\/larfinedeco.com\/it\/\"},{\"@type\":\"ListItem\",\"position\":2,\"name\":\"Eco design: cos\u2019\u00e8 e perch\u00e9 lo abbracciamo\"}]},{\"@type\":\"WebSite\",\"@id\":\"https:\/\/larfinedeco.com\/it\/#website\",\"url\":\"https:\/\/larfinedeco.com\/it\/\",\"name\":\"Lar\",\"description\":\"Decoraci\u00f3n\",\"potentialAction\":[{\"@type\":\"SearchAction\",\"target\":{\"@type\":\"EntryPoint\",\"urlTemplate\":\"https:\/\/larfinedeco.com\/it\/?s={search_term_string}\"},\"query-input\":{\"@type\":\"PropertyValueSpecification\",\"valueRequired\":true,\"valueName\":\"search_term_string\"}}],\"inLanguage\":\"it-IT\"},{\"@type\":\"Person\",\"@id\":\"https:\/\/larfinedeco.com\/it\/#\/schema\/person\/9b74b657cf09812faaa4f9d3ae08b0ba\",\"name\":\"admin_WP\",\"image\":{\"@type\":\"ImageObject\",\"inLanguage\":\"it-IT\",\"@id\":\"https:\/\/larfinedeco.com\/it\/#\/schema\/person\/image\/\",\"url\":\"https:\/\/secure.gravatar.com\/avatar\/56ad461f50111a29917262053c291363430cc738c7f51d4eab91c580cd3b87a3?s=96&d=mm&r=g\",\"contentUrl\":\"https:\/\/secure.gravatar.com\/avatar\/56ad461f50111a29917262053c291363430cc738c7f51d4eab91c580cd3b87a3?s=96&d=mm&r=g\",\"caption\":\"admin_WP\"}}]}<\/script>\n<!-- \/ Yoast SEO plugin. -->","yoast_head_json":{"title":"Eco design: cos\u2019\u00e8 e perch\u00e9 lo abbracciamo - Lar","description":"Eco design ovvero l\u2019unione fra l\u2019attenzione per l\u2019ambiente e il design. Il nostro obiettivo \u00e8 realizzare oggetti di design e ecosostenibili.","robots":{"index":"index","follow":"follow","max-snippet":"max-snippet:-1","max-image-preview":"max-image-preview:large","max-video-preview":"max-video-preview:-1"},"canonical":"https:\/\/larfinedeco.com\/it\/eco-design-cose-e-perche-lo-abbracciamo\/","og_locale":"it_IT","og_type":"article","og_title":"Eco design: cos\u2019\u00e8 e perch\u00e9 lo abbracciamo - Lar","og_description":"Eco design ovvero l\u2019unione fra l\u2019attenzione per l\u2019ambiente e il design. Il nostro obiettivo \u00e8 realizzare oggetti di design e ecosostenibili.","og_url":"https:\/\/larfinedeco.com\/it\/eco-design-cose-e-perche-lo-abbracciamo\/","og_site_name":"Lar","article_published_time":"2022-10-17T16:52:14+00:00","article_modified_time":"2022-10-31T14:27:38+00:00","og_image":[{"width":900,"height":600,"url":"https:\/\/larfinedeco.com\/wp-content\/uploads\/2022\/10\/Eco-Design.jpeg","type":"image\/jpeg"}],"author":"admin_WP","twitter_card":"summary_large_image","twitter_misc":{"Scritto da":"admin_WP","Tempo di lettura stimato":"3 minuti"},"schema":{"@context":"https:\/\/schema.org","@graph":[{"@type":"Article","@id":"https:\/\/larfinedeco.com\/it\/eco-design-cose-e-perche-lo-abbracciamo\/#article","isPartOf":{"@id":"https:\/\/larfinedeco.com\/it\/eco-design-cose-e-perche-lo-abbracciamo\/"},"author":{"name":"admin_WP","@id":"https:\/\/larfinedeco.com\/it\/#\/schema\/person\/9b74b657cf09812faaa4f9d3ae08b0ba"},"headline":"Eco design: cos\u2019\u00e8 e perch\u00e9 lo abbracciamo","datePublished":"2022-10-17T16:52:14+00:00","dateModified":"2022-10-31T14:27:38+00:00","mainEntityOfPage":{"@id":"https:\/\/larfinedeco.com\/it\/eco-design-cose-e-perche-lo-abbracciamo\/"},"wordCount":580,"image":{"@id":"https:\/\/larfinedeco.com\/it\/eco-design-cose-e-perche-lo-abbracciamo\/#primaryimage"},"thumbnailUrl":"https:\/\/larfinedeco.com\/wp-content\/uploads\/2022\/10\/Eco-Design.jpeg","articleSection":["Casa green"],"inLanguage":"it-IT"},{"@type":"WebPage","@id":"https:\/\/larfinedeco.com\/it\/eco-design-cose-e-perche-lo-abbracciamo\/","url":"https:\/\/larfinedeco.com\/it\/eco-design-cose-e-perche-lo-abbracciamo\/","name":"Eco design: cos\u2019\u00e8 e perch\u00e9 lo abbracciamo - Lar","isPartOf":{"@id":"https:\/\/larfinedeco.com\/it\/#website"},"primaryImageOfPage":{"@id":"https:\/\/larfinedeco.com\/it\/eco-design-cose-e-perche-lo-abbracciamo\/#primaryimage"},"image":{"@id":"https:\/\/larfinedeco.com\/it\/eco-design-cose-e-perche-lo-abbracciamo\/#primaryimage"},"thumbnailUrl":"https:\/\/larfinedeco.com\/wp-content\/uploads\/2022\/10\/Eco-Design.jpeg","datePublished":"2022-10-17T16:52:14+00:00","dateModified":"2022-10-31T14:27:38+00:00","author":{"@id":"https:\/\/larfinedeco.com\/it\/#\/schema\/person\/9b74b657cf09812faaa4f9d3ae08b0ba"},"description":"Eco design ovvero l\u2019unione fra l\u2019attenzione per l\u2019ambiente e il design. Il nostro obiettivo \u00e8 realizzare oggetti di design e ecosostenibili.","breadcrumb":{"@id":"https:\/\/larfinedeco.com\/it\/eco-design-cose-e-perche-lo-abbracciamo\/#breadcrumb"},"inLanguage":"it-IT","potentialAction":[{"@type":"ReadAction","target":["https:\/\/larfinedeco.com\/it\/eco-design-cose-e-perche-lo-abbracciamo\/"]}]},{"@type":"ImageObject","inLanguage":"it-IT","@id":"https:\/\/larfinedeco.com\/it\/eco-design-cose-e-perche-lo-abbracciamo\/#primaryimage","url":"https:\/\/larfinedeco.com\/wp-content\/uploads\/2022\/10\/Eco-Design.jpeg","contentUrl":"https:\/\/larfinedeco.com\/wp-content\/uploads\/2022\/10\/Eco-Design.jpeg","width":900,"height":600},{"@type":"BreadcrumbList","@id":"https:\/\/larfinedeco.com\/it\/eco-design-cose-e-perche-lo-abbracciamo\/#breadcrumb","itemListElement":[{"@type":"ListItem","position":1,"name":"Home","item":"https:\/\/larfinedeco.com\/it\/"},{"@type":"ListItem","position":2,"name":"Eco design: cos\u2019\u00e8 e perch\u00e9 lo abbracciamo"}]},{"@type":"WebSite","@id":"https:\/\/larfinedeco.com\/it\/#website","url":"https:\/\/larfinedeco.com\/it\/","name":"Lar","description":"Decoraci\u00f3n","potentialAction":[{"@type":"SearchAction","target":{"@type":"EntryPoint","urlTemplate":"https:\/\/larfinedeco.com\/it\/?s={search_term_string}"},"query-input":{"@type":"PropertyValueSpecification","valueRequired":true,"valueName":"search_term_string"}}],"inLanguage":"it-IT"},{"@type":"Person","@id":"https:\/\/larfinedeco.com\/it\/#\/schema\/person\/9b74b657cf09812faaa4f9d3ae08b0ba","name":"admin_WP","image":{"@type":"ImageObject","inLanguage":"it-IT","@id":"https:\/\/larfinedeco.com\/it\/#\/schema\/person\/image\/","url":"https:\/\/secure.gravatar.com\/avatar\/56ad461f50111a29917262053c291363430cc738c7f51d4eab91c580cd3b87a3?s=96&d=mm&r=g","contentUrl":"https:\/\/secure.gravatar.com\/avatar\/56ad461f50111a29917262053c291363430cc738c7f51d4eab91c580cd3b87a3?s=96&d=mm&r=g","caption":"admin_WP"}}]}},"_links":{"self":[{"href":"https:\/\/larfinedeco.com\/it\/wp-json\/wp\/v2\/posts\/5310","targetHints":{"allow":["GET"]}}],"collection":[{"href":"https:\/\/larfinedeco.com\/it\/wp-json\/wp\/v2\/posts"}],"about":[{"href":"https:\/\/larfinedeco.com\/it\/wp-json\/wp\/v2\/types\/post"}],"author":[{"embeddable":true,"href":"https:\/\/larfinedeco.com\/it\/wp-json\/wp\/v2\/users\/7"}],"replies":[{"embeddable":true,"href":"https:\/\/larfinedeco.com\/it\/wp-json\/wp\/v2\/comments?post=5310"}],"version-history":[{"count":1,"href":"https:\/\/larfinedeco.com\/it\/wp-json\/wp\/v2\/posts\/5310\/revisions"}],"predecessor-version":[{"id":5323,"href":"https:\/\/larfinedeco.com\/it\/wp-json\/wp\/v2\/posts\/5310\/revisions\/5323"}],"wp:featuredmedia":[{"embeddable":true,"href":"https:\/\/larfinedeco.com\/it\/wp-json\/wp\/v2\/media\/5320"}],"wp:attachment":[{"href":"https:\/\/larfinedeco.com\/it\/wp-json\/wp\/v2\/media?parent=5310"}],"wp:term":[{"taxonomy":"category","embeddable":true,"href":"https:\/\/larfinedeco.com\/it\/wp-json\/wp\/v2\/categories?post=5310"},{"taxonomy":"post_tag","embeddable":true,"href":"https:\/\/larfinedeco.com\/it\/wp-json\/wp\/v2\/tags?post=5310"}],"curies":[{"name":"wp","href":"https:\/\/api.w.org\/{rel}","templated":true}]}}