{"id":5473,"date":"2022-12-30T13:04:14","date_gmt":"2022-12-30T12:04:14","guid":{"rendered":"https:\/\/larfinedeco.com\/?p=5473"},"modified":"2022-12-30T13:04:15","modified_gmt":"2022-12-30T12:04:15","slug":"tendenze-arredamento-2023","status":"publish","type":"post","link":"https:\/\/larfinedeco.com\/it\/tendenze-arredamento-2023\/","title":{"rendered":"Tendenze arredamento 2023: casa minimal, cozy e\u2026speziata"},"content":{"rendered":"\n<p>C\u2019\u00e8 una parola che pu\u00f2 racchiudere le <strong>tendenze arredamento 2023<\/strong> ed \u00e8 cozy, termine che pu\u00f2 essere tradotto come \u2018accogliente\u2019, ma anche come \u2018confortevole\u2019.<\/p>\n\n\n\n<p>L\u2019arredo cozy \u00e8 molto di pi\u00f9 di questo, \u00e8 una serie di scelte che riflettono il desiderio di godersi la casa con i sensi, dalla vista al tatto, dall&#8217;olfatto al gusto, grazie ad elementi che sanno appagarli.<\/p>\n\n\n\n<p>Il design \u00e8 naturalmente protagonista delle<strong> tendenze arredamento 2023<\/strong>, perch\u00e9 grazie alla cura nella progettazione e alla scelta dei materiali, sa plasmare oggetti belli da ammirare, adorabili da toccare e sempre piacevoli da utilizzare.<\/p>\n\n\n\n<p>Un\u2019altra <strong>tendenza di design per il 2023<\/strong> guarda al layering, ovvero alla possibilit\u00e0 di sovrapporre elementi diversi, soprattutto tessili.<\/p>\n\n\n\n<p>Coperte, plaid, cuscini si uniscono in giochi di texture e di colori che mantengono l\u2019eleganza e regalano un effetto caldo e accogliente a tutta la casa.<\/p>\n\n\n\n<p>E a proposito di colori\u2026<\/p>\n\n\n\n<h2 class=\"wp-block-heading\">I colori di tendenza 2023<\/h2>\n\n\n\n<p>I <strong>colori di tendenza 2023 <\/strong>sono soprattutto \u2018terreni\u2019.<\/p>\n\n\n\n<p>Dopo anni in cui le nuance dell\u2019azzurro sono state protagoniste, la lettura della natura quest\u2019anno parte proprio dalla terra e dalle radici, con il legno e le tinte che vanno dal marrone al verde oliva.<\/p>\n\n\n\n<p>Ma il 2023 \u00e8 anche l\u2019anno delle <strong>palette speziate<\/strong>, che scaldano la casa con richiami orientali.&nbsp;<\/p>\n\n\n\n<p>Via libera quindi all\u2019arancione bruciato della curcuma, al verde grigio delle spezie in foglie e anche al dolcissimo marrone chiaro della cannella.<\/p>\n\n\n\n<h2 class=\"wp-block-heading\">I colori di tendenza 2023 per la casa<\/h2>\n\n\n\n<p>I <strong>colori di tendenza 2023 per la casa<\/strong> guardano quindi a una combinazione di nuance \u2018terrene\u2019 che possono arrivare sia dalla presenza del legno, che dalla scelta di inserire elementi o tessili sui toni dei marroni, dei grigi scuri e dei verdi.<\/p>\n\n\n\n<p>In pi\u00f9, ci sono<strong> i tocchi di colore speziati e fruttati<\/strong>, che possono essere richiamati con oggetti di design quali ad esempio i portacandele.<\/p>\n\n\n\n<p>Non mancano per\u00f2 le sorprese, perch\u00e9 il colore dell\u2019anno <strong>Pantone 2023<\/strong> \u00e8 il <strong>Viva Magenta, un rosso che sfocia nel lampone.<\/strong><\/p>\n\n\n\n<p>Sappiamo che il <strong>rosso<\/strong> \u00e8 un <strong>colore esuberante<\/strong> e chi lo ama pu\u00f2 scegliere un complemento di design di questo colore, da inserire in un contesto dai tratti minimal.<\/p>\n\n\n\n<p>In questo modo, sia l\u2019arredo nel suo insieme che l\u2019elemento rosso avranno uno spazio equilibrato, rilassante ma allo stesso tempo \u2018<strong>vitaminico<\/strong>\u2019.<\/p>\n\n\n\n<h2 class=\"wp-block-heading\">Tendenze design 2023<\/h2>\n\n\n\n<p>Le <strong>tendenze design 2023<\/strong> guardano quindi a una casa che accoglie, che coccola e che rende l\u2019abitare speciale in ogni momento della giornata.<\/p>\n\n\n\n<p>I <strong>trend d\u2019arredo 2023<\/strong> si ispirano a uno stile minimal che \u00e8 per\u00f2 capace di essere caldo, di trasmettere emozioni quali la serenit\u00e0 e il benessere, senza mai dimenticare il legame con la natura.<\/p>\n\n\n\n<p>L\u2019idea \u00e8 stupenda, e sappiamo che sono gli oggetti a darle vita, come nel caso del <strong><a href=\"https:\/\/larfinedeco.com\/it\/prodotto\/portacandele-blumo\/\">portacandele in legno Blumo<\/a><\/strong>, disponibile in due versioni, in rovere naturale oppure laccato bianco.\u00a0<\/p>\n\n\n\n<p>Grazie al design minimal, riscaldato dal calore del legno, questo portacandele sa arricchire ogni ambiente e creare un\u2019atmosfera delicata ed accogliente, in perfetto stile cozy.<\/p>\n\n\n\n<p>Se la tentazione \u00e8 il rosso, o altre nuance esuberanti, la scelta pu\u00f2 guardare al <strong><a href=\"https:\/\/larfinedeco.com\/it\/prodotto\/portacandele-acciaio-cartesiana\/\">portacandele in acciaio Cartesiana<\/a><\/strong>, costituito da due profili che si assemblano a incastro e un magnete che ne garantisce una salda unione.<\/p>\n\n\n\n<p>Questo complemento porta un tocco di energia grazie ai tanti colori disponibili, senza mai dimenticare l\u2019eleganza e la purezza delle forme di design.<\/p>\n\n\n\n<div class=\"wp-block-columns is-layout-flex wp-container-core-columns-is-layout-9d6595d7 wp-block-columns-is-layout-flex\">\n<div class=\"wp-block-column is-layout-flow wp-block-column-is-layout-flow\" style=\"flex-basis:100%\">\n<p>Infine, le <strong>tendenze arredamento 2023<\/strong> propongono una casa eco sostenibile, arredata con mobili e complementi che rispettano la natura.<\/p>\n<\/div>\n<\/div>\n\n\n\n<p>Tutti i nostri elementi di design sono realizzati con materiali naturali di altissima qualit\u00e0 e la progettazione cerca di limitare al massimo la componentistica, come nel caso del <strong>portafrutta da tavola Scaleno<\/strong>, che rimanda agli origami giapponesi grazie alle pieghe della lamiera, accuratamente create con un procedimento manuale, senza l\u2019utilizzo di saldature.<\/p>\n\n\n\n<p><strong>Per altre idee di design ecosostenibili ti invitiamo a scoprire qui il nostro catalogo con i <a href=\"https:\/\/larfinedeco.com\/it\/prodotti\/\">complementi d&#8217;arredo di design.<\/a><\/strong><\/p>\n","protected":false},"excerpt":{"rendered":"<p>C\u2019\u00e8 una parola che pu\u00f2 racchiudere le tendenze arredamento 2023 ed \u00e8 cozy, termine che pu\u00f2 essere tradotto come \u2018accogliente\u2019, ma anche come \u2018confortevole\u2019. L\u2019arredo cozy \u00e8 molto di pi\u00f9 di questo, \u00e8 una serie di scelte che riflettono il&#8230;<\/p>\n","protected":false},"author":7,"featured_media":2877,"comment_status":"closed","ping_status":"closed","sticky":false,"template":"","format":"standard","meta":{"ngg_post_thumbnail":0,"footnotes":""},"categories":[140],"tags":[],"class_list":["post-5473","post","type-post","status-publish","format-standard","has-post-thumbnail","hentry","category-arredare-casa"],"acf":[],"yoast_head":"<!-- This site is optimized with the Yoast SEO plugin v27.1.1 - https:\/\/yoast.com\/product\/yoast-seo-wordpress\/ -->\n<title>Tendenze arredamento 2023: casa minimal, cozy e\u2026speziata - Lar<\/title>\n<meta name=\"description\" content=\"Tendenze arredamento 2023: il protagonista \u00e8 il design! Dalla progettazione alla scelta del materiale per dare vita ad oggetti indicabili.\" \/>\n<meta name=\"robots\" content=\"index, follow, max-snippet:-1, max-image-preview:large, max-video-preview:-1\" \/>\n<link rel=\"canonical\" href=\"https:\/\/larfinedeco.com\/it\/tendenze-arredamento-2023\/\" \/>\n<meta property=\"og:locale\" content=\"it_IT\" \/>\n<meta property=\"og:type\" content=\"article\" \/>\n<meta property=\"og:title\" content=\"Tendenze arredamento 2023: casa minimal, cozy e\u2026speziata - Lar\" \/>\n<meta property=\"og:description\" content=\"Tendenze arredamento 2023: il protagonista \u00e8 il design! Dalla progettazione alla scelta del materiale per dare vita ad oggetti indicabili.\" \/>\n<meta property=\"og:url\" content=\"https:\/\/larfinedeco.com\/it\/tendenze-arredamento-2023\/\" \/>\n<meta property=\"og:site_name\" content=\"Lar\" \/>\n<meta property=\"article:published_time\" content=\"2022-12-30T12:04:14+00:00\" \/>\n<meta property=\"article:modified_time\" content=\"2022-12-30T12:04:15+00:00\" \/>\n<meta property=\"og:image\" content=\"https:\/\/larfinedeco.com\/wp-content\/uploads\/2022\/01\/Fotos-header-LAR4.jpg\" \/>\n\t<meta property=\"og:image:width\" content=\"1501\" \/>\n\t<meta property=\"og:image:height\" content=\"854\" \/>\n\t<meta property=\"og:image:type\" content=\"image\/jpeg\" \/>\n<meta name=\"author\" content=\"admin_WP\" \/>\n<meta name=\"twitter:card\" content=\"summary_large_image\" \/>\n<meta name=\"twitter:label1\" content=\"Scritto da\" \/>\n\t<meta name=\"twitter:data1\" content=\"admin_WP\" \/>\n\t<meta name=\"twitter:label2\" content=\"Tempo di lettura stimato\" \/>\n\t<meta name=\"twitter:data2\" content=\"4 minuti\" \/>\n<script type=\"application\/ld+json\" class=\"yoast-schema-graph\">{\"@context\":\"https:\/\/schema.org\",\"@graph\":[{\"@type\":\"Article\",\"@id\":\"https:\/\/larfinedeco.com\/it\/tendenze-arredamento-2023\/#article\",\"isPartOf\":{\"@id\":\"https:\/\/larfinedeco.com\/it\/tendenze-arredamento-2023\/\"},\"author\":{\"name\":\"admin_WP\",\"@id\":\"https:\/\/larfinedeco.com\/it\/#\/schema\/person\/9b74b657cf09812faaa4f9d3ae08b0ba\"},\"headline\":\"Tendenze arredamento 2023: casa minimal, cozy e\u2026speziata\",\"datePublished\":\"2022-12-30T12:04:14+00:00\",\"dateModified\":\"2022-12-30T12:04:15+00:00\",\"mainEntityOfPage\":{\"@id\":\"https:\/\/larfinedeco.com\/it\/tendenze-arredamento-2023\/\"},\"wordCount\":645,\"image\":{\"@id\":\"https:\/\/larfinedeco.com\/it\/tendenze-arredamento-2023\/#primaryimage\"},\"thumbnailUrl\":\"https:\/\/larfinedeco.com\/wp-content\/uploads\/2022\/01\/Fotos-header-LAR4.jpg\",\"articleSection\":[\"Arredare casa\"],\"inLanguage\":\"it-IT\"},{\"@type\":\"WebPage\",\"@id\":\"https:\/\/larfinedeco.com\/it\/tendenze-arredamento-2023\/\",\"url\":\"https:\/\/larfinedeco.com\/it\/tendenze-arredamento-2023\/\",\"name\":\"Tendenze arredamento 2023: casa minimal, cozy e\u2026speziata - Lar\",\"isPartOf\":{\"@id\":\"https:\/\/larfinedeco.com\/it\/#website\"},\"primaryImageOfPage\":{\"@id\":\"https:\/\/larfinedeco.com\/it\/tendenze-arredamento-2023\/#primaryimage\"},\"image\":{\"@id\":\"https:\/\/larfinedeco.com\/it\/tendenze-arredamento-2023\/#primaryimage\"},\"thumbnailUrl\":\"https:\/\/larfinedeco.com\/wp-content\/uploads\/2022\/01\/Fotos-header-LAR4.jpg\",\"datePublished\":\"2022-12-30T12:04:14+00:00\",\"dateModified\":\"2022-12-30T12:04:15+00:00\",\"author\":{\"@id\":\"https:\/\/larfinedeco.com\/it\/#\/schema\/person\/9b74b657cf09812faaa4f9d3ae08b0ba\"},\"description\":\"Tendenze arredamento 2023: il protagonista \u00e8 il design! Dalla progettazione alla scelta del materiale per dare vita ad oggetti indicabili.\",\"breadcrumb\":{\"@id\":\"https:\/\/larfinedeco.com\/it\/tendenze-arredamento-2023\/#breadcrumb\"},\"inLanguage\":\"it-IT\",\"potentialAction\":[{\"@type\":\"ReadAction\",\"target\":[\"https:\/\/larfinedeco.com\/it\/tendenze-arredamento-2023\/\"]}]},{\"@type\":\"ImageObject\",\"inLanguage\":\"it-IT\",\"@id\":\"https:\/\/larfinedeco.com\/it\/tendenze-arredamento-2023\/#primaryimage\",\"url\":\"https:\/\/larfinedeco.com\/wp-content\/uploads\/2022\/01\/Fotos-header-LAR4.jpg\",\"contentUrl\":\"https:\/\/larfinedeco.com\/wp-content\/uploads\/2022\/01\/Fotos-header-LAR4.jpg\",\"width\":1501,\"height\":854,\"caption\":\"tendenze arredamento portacandele in acciaio cartesiana\"},{\"@type\":\"BreadcrumbList\",\"@id\":\"https:\/\/larfinedeco.com\/it\/tendenze-arredamento-2023\/#breadcrumb\",\"itemListElement\":[{\"@type\":\"ListItem\",\"position\":1,\"name\":\"Home\",\"item\":\"https:\/\/larfinedeco.com\/it\/\"},{\"@type\":\"ListItem\",\"position\":2,\"name\":\"Tendenze arredamento 2023: casa minimal, cozy e\u2026speziata\"}]},{\"@type\":\"WebSite\",\"@id\":\"https:\/\/larfinedeco.com\/it\/#website\",\"url\":\"https:\/\/larfinedeco.com\/it\/\",\"name\":\"Lar\",\"description\":\"Decoraci\u00f3n\",\"potentialAction\":[{\"@type\":\"SearchAction\",\"target\":{\"@type\":\"EntryPoint\",\"urlTemplate\":\"https:\/\/larfinedeco.com\/it\/?s={search_term_string}\"},\"query-input\":{\"@type\":\"PropertyValueSpecification\",\"valueRequired\":true,\"valueName\":\"search_term_string\"}}],\"inLanguage\":\"it-IT\"},{\"@type\":\"Person\",\"@id\":\"https:\/\/larfinedeco.com\/it\/#\/schema\/person\/9b74b657cf09812faaa4f9d3ae08b0ba\",\"name\":\"admin_WP\",\"image\":{\"@type\":\"ImageObject\",\"inLanguage\":\"it-IT\",\"@id\":\"https:\/\/larfinedeco.com\/it\/#\/schema\/person\/image\/\",\"url\":\"https:\/\/secure.gravatar.com\/avatar\/56ad461f50111a29917262053c291363430cc738c7f51d4eab91c580cd3b87a3?s=96&d=mm&r=g\",\"contentUrl\":\"https:\/\/secure.gravatar.com\/avatar\/56ad461f50111a29917262053c291363430cc738c7f51d4eab91c580cd3b87a3?s=96&d=mm&r=g\",\"caption\":\"admin_WP\"}}]}<\/script>\n<!-- \/ Yoast SEO plugin. -->","yoast_head_json":{"title":"Tendenze arredamento 2023: casa minimal, cozy e\u2026speziata - Lar","description":"Tendenze arredamento 2023: il protagonista \u00e8 il design! Dalla progettazione alla scelta del materiale per dare vita ad oggetti indicabili.","robots":{"index":"index","follow":"follow","max-snippet":"max-snippet:-1","max-image-preview":"max-image-preview:large","max-video-preview":"max-video-preview:-1"},"canonical":"https:\/\/larfinedeco.com\/it\/tendenze-arredamento-2023\/","og_locale":"it_IT","og_type":"article","og_title":"Tendenze arredamento 2023: casa minimal, cozy e\u2026speziata - Lar","og_description":"Tendenze arredamento 2023: il protagonista \u00e8 il design! Dalla progettazione alla scelta del materiale per dare vita ad oggetti indicabili.","og_url":"https:\/\/larfinedeco.com\/it\/tendenze-arredamento-2023\/","og_site_name":"Lar","article_published_time":"2022-12-30T12:04:14+00:00","article_modified_time":"2022-12-30T12:04:15+00:00","og_image":[{"width":1501,"height":854,"url":"https:\/\/larfinedeco.com\/wp-content\/uploads\/2022\/01\/Fotos-header-LAR4.jpg","type":"image\/jpeg"}],"author":"admin_WP","twitter_card":"summary_large_image","twitter_misc":{"Scritto da":"admin_WP","Tempo di lettura stimato":"4 minuti"},"schema":{"@context":"https:\/\/schema.org","@graph":[{"@type":"Article","@id":"https:\/\/larfinedeco.com\/it\/tendenze-arredamento-2023\/#article","isPartOf":{"@id":"https:\/\/larfinedeco.com\/it\/tendenze-arredamento-2023\/"},"author":{"name":"admin_WP","@id":"https:\/\/larfinedeco.com\/it\/#\/schema\/person\/9b74b657cf09812faaa4f9d3ae08b0ba"},"headline":"Tendenze arredamento 2023: casa minimal, cozy e\u2026speziata","datePublished":"2022-12-30T12:04:14+00:00","dateModified":"2022-12-30T12:04:15+00:00","mainEntityOfPage":{"@id":"https:\/\/larfinedeco.com\/it\/tendenze-arredamento-2023\/"},"wordCount":645,"image":{"@id":"https:\/\/larfinedeco.com\/it\/tendenze-arredamento-2023\/#primaryimage"},"thumbnailUrl":"https:\/\/larfinedeco.com\/wp-content\/uploads\/2022\/01\/Fotos-header-LAR4.jpg","articleSection":["Arredare casa"],"inLanguage":"it-IT"},{"@type":"WebPage","@id":"https:\/\/larfinedeco.com\/it\/tendenze-arredamento-2023\/","url":"https:\/\/larfinedeco.com\/it\/tendenze-arredamento-2023\/","name":"Tendenze arredamento 2023: casa minimal, cozy e\u2026speziata - Lar","isPartOf":{"@id":"https:\/\/larfinedeco.com\/it\/#website"},"primaryImageOfPage":{"@id":"https:\/\/larfinedeco.com\/it\/tendenze-arredamento-2023\/#primaryimage"},"image":{"@id":"https:\/\/larfinedeco.com\/it\/tendenze-arredamento-2023\/#primaryimage"},"thumbnailUrl":"https:\/\/larfinedeco.com\/wp-content\/uploads\/2022\/01\/Fotos-header-LAR4.jpg","datePublished":"2022-12-30T12:04:14+00:00","dateModified":"2022-12-30T12:04:15+00:00","author":{"@id":"https:\/\/larfinedeco.com\/it\/#\/schema\/person\/9b74b657cf09812faaa4f9d3ae08b0ba"},"description":"Tendenze arredamento 2023: il protagonista \u00e8 il design! Dalla progettazione alla scelta del materiale per dare vita ad oggetti indicabili.","breadcrumb":{"@id":"https:\/\/larfinedeco.com\/it\/tendenze-arredamento-2023\/#breadcrumb"},"inLanguage":"it-IT","potentialAction":[{"@type":"ReadAction","target":["https:\/\/larfinedeco.com\/it\/tendenze-arredamento-2023\/"]}]},{"@type":"ImageObject","inLanguage":"it-IT","@id":"https:\/\/larfinedeco.com\/it\/tendenze-arredamento-2023\/#primaryimage","url":"https:\/\/larfinedeco.com\/wp-content\/uploads\/2022\/01\/Fotos-header-LAR4.jpg","contentUrl":"https:\/\/larfinedeco.com\/wp-content\/uploads\/2022\/01\/Fotos-header-LAR4.jpg","width":1501,"height":854,"caption":"tendenze arredamento portacandele in acciaio cartesiana"},{"@type":"BreadcrumbList","@id":"https:\/\/larfinedeco.com\/it\/tendenze-arredamento-2023\/#breadcrumb","itemListElement":[{"@type":"ListItem","position":1,"name":"Home","item":"https:\/\/larfinedeco.com\/it\/"},{"@type":"ListItem","position":2,"name":"Tendenze arredamento 2023: casa minimal, cozy e\u2026speziata"}]},{"@type":"WebSite","@id":"https:\/\/larfinedeco.com\/it\/#website","url":"https:\/\/larfinedeco.com\/it\/","name":"Lar","description":"Decoraci\u00f3n","potentialAction":[{"@type":"SearchAction","target":{"@type":"EntryPoint","urlTemplate":"https:\/\/larfinedeco.com\/it\/?s={search_term_string}"},"query-input":{"@type":"PropertyValueSpecification","valueRequired":true,"valueName":"search_term_string"}}],"inLanguage":"it-IT"},{"@type":"Person","@id":"https:\/\/larfinedeco.com\/it\/#\/schema\/person\/9b74b657cf09812faaa4f9d3ae08b0ba","name":"admin_WP","image":{"@type":"ImageObject","inLanguage":"it-IT","@id":"https:\/\/larfinedeco.com\/it\/#\/schema\/person\/image\/","url":"https:\/\/secure.gravatar.com\/avatar\/56ad461f50111a29917262053c291363430cc738c7f51d4eab91c580cd3b87a3?s=96&d=mm&r=g","contentUrl":"https:\/\/secure.gravatar.com\/avatar\/56ad461f50111a29917262053c291363430cc738c7f51d4eab91c580cd3b87a3?s=96&d=mm&r=g","caption":"admin_WP"}}]}},"_links":{"self":[{"href":"https:\/\/larfinedeco.com\/it\/wp-json\/wp\/v2\/posts\/5473","targetHints":{"allow":["GET"]}}],"collection":[{"href":"https:\/\/larfinedeco.com\/it\/wp-json\/wp\/v2\/posts"}],"about":[{"href":"https:\/\/larfinedeco.com\/it\/wp-json\/wp\/v2\/types\/post"}],"author":[{"embeddable":true,"href":"https:\/\/larfinedeco.com\/it\/wp-json\/wp\/v2\/users\/7"}],"replies":[{"embeddable":true,"href":"https:\/\/larfinedeco.com\/it\/wp-json\/wp\/v2\/comments?post=5473"}],"version-history":[{"count":16,"href":"https:\/\/larfinedeco.com\/it\/wp-json\/wp\/v2\/posts\/5473\/revisions"}],"predecessor-version":[{"id":5489,"href":"https:\/\/larfinedeco.com\/it\/wp-json\/wp\/v2\/posts\/5473\/revisions\/5489"}],"wp:featuredmedia":[{"embeddable":true,"href":"https:\/\/larfinedeco.com\/it\/wp-json\/wp\/v2\/media\/2877"}],"wp:attachment":[{"href":"https:\/\/larfinedeco.com\/it\/wp-json\/wp\/v2\/media?parent=5473"}],"wp:term":[{"taxonomy":"category","embeddable":true,"href":"https:\/\/larfinedeco.com\/it\/wp-json\/wp\/v2\/categories?post=5473"},{"taxonomy":"post_tag","embeddable":true,"href":"https:\/\/larfinedeco.com\/it\/wp-json\/wp\/v2\/tags?post=5473"}],"curies":[{"name":"wp","href":"https:\/\/api.w.org\/{rel}","templated":true}]}}